{"id":866,"date":"2025-12-22T15:22:27","date_gmt":"2025-12-22T15:22:27","guid":{"rendered":"https:\/\/tekaldevenegas.gob.mx\/?p=866"},"modified":"2025-12-22T15:22:27","modified_gmt":"2025-12-22T15:22:27","slug":"banderazo-de-reconstruccion-de-calle-20","status":"publish","type":"post","link":"https:\/\/tekaldevenegas.gob.mx\/index.php\/2025\/12\/22\/banderazo-de-reconstruccion-de-calle-20\/","title":{"rendered":"Banderazo de reconstrucci\u00f3n de calle 20."},"content":{"rendered":"<div id='gallery-1' class='gallery galleryid-866 gallery-columns-4 gallery-size-thumbnail'><figure class='gallery-item'>\n\t\t\t<div class='gallery-icon landscape'>\n\t\t\t\t<a href='https:\/\/tekaldevenegas.gob.mx\/wp-content\/uploads\/2025\/12\/597290196_122115629727017621_1406137655561289556_n.jpg'><img loading=\"lazy\" decoding=\"async\" width=\"150\" height=\"150\" src=\"https:\/\/tekaldevenegas.gob.mx\/wp-content\/uploads\/2025\/12\/597290196_122115629727017621_1406137655561289556_n-150x150.jpg\" class=\"attachment-thumbnail size-thumbnail\" alt=\"\" \/><\/a>\n\t\t\t<\/div><\/figure><figure class='gallery-item'>\n\t\t\t<div class='gallery-icon landscape'>\n\t\t\t\t<a href='https:\/\/tekaldevenegas.gob.mx\/wp-content\/uploads\/2025\/12\/597290211_122115630309017621_6498224871767159867_n.jpg'><img loading=\"lazy\" decoding=\"async\" width=\"150\" height=\"150\" src=\"https:\/\/tekaldevenegas.gob.mx\/wp-content\/uploads\/2025\/12\/597290211_122115630309017621_6498224871767159867_n-150x150.jpg\" class=\"attachment-thumbnail size-thumbnail\" alt=\"\" \/><\/a>\n\t\t\t<\/div><\/figure><figure class='gallery-item'>\n\t\t\t<div class='gallery-icon landscape'>\n\t\t\t\t<a href='https:\/\/tekaldevenegas.gob.mx\/wp-content\/uploads\/2025\/12\/597426540_122115630327017621_2806142989651504641_n.jpg'><img loading=\"lazy\" decoding=\"async\" width=\"150\" height=\"150\" src=\"https:\/\/tekaldevenegas.gob.mx\/wp-content\/uploads\/2025\/12\/597426540_122115630327017621_2806142989651504641_n-150x150.jpg\" class=\"attachment-thumbnail size-thumbnail\" alt=\"\" \/><\/a>\n\t\t\t<\/div><\/figure><figure class='gallery-item'>\n\t\t\t<div class='gallery-icon landscape'>\n\t\t\t\t<a href='https:\/\/tekaldevenegas.gob.mx\/wp-content\/uploads\/2025\/12\/597852311_122115629763017621_5046949443990635407_n.jpg'><img loading=\"lazy\" decoding=\"async\" width=\"150\" height=\"150\" src=\"https:\/\/tekaldevenegas.gob.mx\/wp-content\/uploads\/2025\/12\/597852311_122115629763017621_5046949443990635407_n-150x150.jpg\" class=\"attachment-thumbnail size-thumbnail\" alt=\"\" \/><\/a>\n\t\t\t<\/div><\/figure>\n\t\t<\/div>\n\n<div class=\"xdj266r x14z9mp xat24cr x1lziwak x1vvkbs x126k92a\">\n<div dir=\"auto\">El d\u00eda de hoy tuvimos el honor de recibir en nuestro municipio al Gobernador del Estado, Mtro. <span class=\"html-span xdj266r x14z9mp xat24cr x1lziwak xexx8yu xyri2b x18d9i69 x1c1uobl x1hl2dhg x16tdsg8 x1vvkbs\"><a class=\"x1i10hfl xjbqb8w x1ejq31n x18oe1m7 x1sy0etr xstzfhl x972fbf x10w94by x1qhh985 x14e42zd x9f619 x1ypdohk xt0psk2 x3ct3a4 xdj266r x14z9mp xat24cr x1lziwak xexx8yu xyri2b x18d9i69 x1c1uobl x16tdsg8 x1hl2dhg xggy1nq x1a2a7pz xkrqix3 x1sur9pj x1fey0fg x1s688f\" tabindex=\"0\" role=\"link\" href=\"https:\/\/www.facebook.com\/huachodiazmena?__cft__[0]=AZaWCablhiChYqzZQumPDAGFhG61oq3KCpnJnZhpUea0gNKOA_4CpJLea-c5RSQhGrWToLZBdoG7M-EYKoaeCVruNX3gdskf5uZzA0y1J8rnxRN-nx9hktilVIH3LZVuU0aOKJyVyocWpig1ItAr1PxedeRUGfeL-cVha9y870dCKw&amp;__tn__=-]K-R\"><span class=\"xt0psk2\"><span class=\"xjp7ctv\">Huacho D\u00edaz Mena<\/span><\/span><\/a><\/span>, qui\u00e9n encabez\u00f3 el banderazo de inicio de la reconstrucci\u00f3n de la calle principal de Tekal, la calle 20.<\/div>\n<\/div>\n<div class=\"x14z9mp xat24cr x1lziwak x1vvkbs xtlvy1s x126k92a\">\n<div dir=\"auto\">Este importante proyecto representa un paso m\u00e1s en el mejoramiento de nuestra infraestructura y en la construcci\u00f3n de un municipio con mejores condiciones para todas y todos. Agradecemos profundamente que este tipo de apoyos lleguen a Tekal, pues reflejan el compromiso del <span class=\"html-span xdj266r x14z9mp xat24cr x1lziwak xexx8yu xyri2b x18d9i69 x1c1uobl x1hl2dhg x16tdsg8 x1vvkbs\"><a class=\"x1i10hfl xjbqb8w x1ejq31n x18oe1m7 x1sy0etr xstzfhl x972fbf x10w94by x1qhh985 x14e42zd x9f619 x1ypdohk xt0psk2 x3ct3a4 xdj266r x14z9mp xat24cr x1lziwak xexx8yu xyri2b x18d9i69 x1c1uobl x16tdsg8 x1hl2dhg xggy1nq x1a2a7pz xkrqix3 x1sur9pj x1fey0fg x1s688f\" tabindex=\"0\" role=\"link\" href=\"https:\/\/www.facebook.com\/gobierno.estado.yucatan?__cft__[0]=AZaWCablhiChYqzZQumPDAGFhG61oq3KCpnJnZhpUea0gNKOA_4CpJLea-c5RSQhGrWToLZBdoG7M-EYKoaeCVruNX3gdskf5uZzA0y1J8rnxRN-nx9hktilVIH3LZVuU0aOKJyVyocWpig1ItAr1PxedeRUGfeL-cVha9y870dCKw&amp;__tn__=-]K-R\"><span class=\"xt0psk2\"><span class=\"xjp7ctv\">Gobierno del Estado de Yucat\u00e1n<\/span><\/span><\/a><\/span> con nuestro desarrollo.<\/div>\n<\/div>\n<div class=\"x14z9mp xat24cr x1lziwak x1vvkbs xtlvy1s x126k92a\">\n<div dir=\"auto\">Pero, sobre todo, expresamos nuestro agradecimiento al Gobernador por mantener siempre a Tekal en su agenda y por atender las necesidades de nuestras familias. Seguiremos trabajando de la mano, tocando puertas y gestionando m\u00e1s acciones que contin\u00faen transformando nuestro municipio.<\/div>\n<\/div>\n","protected":false},"excerpt":{"rendered":"<p>El d\u00eda de hoy tuvimos el honor de recibir en nuestro municipio al Gobernador del Estado, Mtro. Huacho D\u00edaz Mena, qui\u00e9n encabez\u00f3 el banderazo de<\/p>\n","protected":false},"author":1,"featured_media":868,"comment_status":"closed","ping_status":"open","sticky":false,"template":"","format":"standard","meta":{"footnotes":""},"categories":[11],"tags":[],"class_list":["post-866","post","type-post","status-publish","format-standard","has-post-thumbnail","hentry","category-obras-publicas"],"_links":{"self":[{"href":"https:\/\/tekaldevenegas.gob.mx\/index.php\/wp-json\/wp\/v2\/posts\/866","targetHints":{"allow":["GET"]}}],"collection":[{"href":"https:\/\/tekaldevenegas.gob.mx\/index.php\/wp-json\/wp\/v2\/posts"}],"about":[{"href":"https:\/\/tekaldevenegas.gob.mx\/index.php\/wp-json\/wp\/v2\/types\/post"}],"author":[{"embeddable":true,"href":"https:\/\/tekaldevenegas.gob.mx\/index.php\/wp-json\/wp\/v2\/users\/1"}],"replies":[{"embeddable":true,"href":"https:\/\/tekaldevenegas.gob.mx\/index.php\/wp-json\/wp\/v2\/comments?post=866"}],"version-history":[{"count":1,"href":"https:\/\/tekaldevenegas.gob.mx\/index.php\/wp-json\/wp\/v2\/posts\/866\/revisions"}],"predecessor-version":[{"id":871,"href":"https:\/\/tekaldevenegas.gob.mx\/index.php\/wp-json\/wp\/v2\/posts\/866\/revisions\/871"}],"wp:featuredmedia":[{"embeddable":true,"href":"https:\/\/tekaldevenegas.gob.mx\/index.php\/wp-json\/wp\/v2\/media\/868"}],"wp:attachment":[{"href":"https:\/\/tekaldevenegas.gob.mx\/index.php\/wp-json\/wp\/v2\/media?parent=866"}],"wp:term":[{"taxonomy":"category","embeddable":true,"href":"https:\/\/tekaldevenegas.gob.mx\/index.php\/wp-json\/wp\/v2\/categories?post=866"},{"taxonomy":"post_tag","embeddable":true,"href":"https:\/\/tekaldevenegas.gob.mx\/index.php\/wp-json\/wp\/v2\/tags?post=866"}],"curies":[{"name":"wp","href":"https:\/\/api.w.org\/{rel}","templated":true}]}}