{"id":755,"date":"2025-10-22T23:31:43","date_gmt":"2025-10-22T23:31:43","guid":{"rendered":"https:\/\/tekaldevenegas.gob.mx\/?p=755"},"modified":"2025-10-22T23:31:43","modified_gmt":"2025-10-22T23:31:43","slug":"evento-de-concientizacion-sobre-el-cancer-de-mama","status":"publish","type":"post","link":"https:\/\/tekaldevenegas.gob.mx\/index.php\/2025\/10\/22\/evento-de-concientizacion-sobre-el-cancer-de-mama\/","title":{"rendered":"Evento de concientizaci\u00f3n sobre el c\u00e1ncer de mama."},"content":{"rendered":"<div id='gallery-1' class='gallery galleryid-755 gallery-columns-9 gallery-size-thumbnail'><figure class='gallery-item'>\n\t\t\t<div class='gallery-icon landscape'>\n\t\t\t\t<a href='https:\/\/tekaldevenegas.gob.mx\/wp-content\/uploads\/2025\/10\/569046552_122193841208505227_6435092863379482949_n.jpg'><img loading=\"lazy\" decoding=\"async\" width=\"150\" height=\"150\" src=\"https:\/\/tekaldevenegas.gob.mx\/wp-content\/uploads\/2025\/10\/569046552_122193841208505227_6435092863379482949_n-150x150.jpg\" class=\"attachment-thumbnail size-thumbnail\" alt=\"\" \/><\/a>\n\t\t\t<\/div><\/figure><figure class='gallery-item'>\n\t\t\t<div class='gallery-icon landscape'>\n\t\t\t\t<a href='https:\/\/tekaldevenegas.gob.mx\/wp-content\/uploads\/2025\/10\/569055095_122193841478505227_2987432739738556168_n.jpg'><img loading=\"lazy\" decoding=\"async\" width=\"150\" height=\"150\" src=\"https:\/\/tekaldevenegas.gob.mx\/wp-content\/uploads\/2025\/10\/569055095_122193841478505227_2987432739738556168_n-150x150.jpg\" class=\"attachment-thumbnail size-thumbnail\" alt=\"\" \/><\/a>\n\t\t\t<\/div><\/figure><figure class='gallery-item'>\n\t\t\t<div class='gallery-icon landscape'>\n\t\t\t\t<a href='https:\/\/tekaldevenegas.gob.mx\/wp-content\/uploads\/2025\/10\/569297665_122193841166505227_5779224440617175906_n.jpg'><img loading=\"lazy\" decoding=\"async\" width=\"150\" height=\"150\" src=\"https:\/\/tekaldevenegas.gob.mx\/wp-content\/uploads\/2025\/10\/569297665_122193841166505227_5779224440617175906_n-150x150.jpg\" class=\"attachment-thumbnail size-thumbnail\" alt=\"\" \/><\/a>\n\t\t\t<\/div><\/figure><figure class='gallery-item'>\n\t\t\t<div class='gallery-icon landscape'>\n\t\t\t\t<a href='https:\/\/tekaldevenegas.gob.mx\/wp-content\/uploads\/2025\/10\/569399818_122193841238505227_3411585018445103460_n.jpg'><img loading=\"lazy\" decoding=\"async\" width=\"150\" height=\"150\" src=\"https:\/\/tekaldevenegas.gob.mx\/wp-content\/uploads\/2025\/10\/569399818_122193841238505227_3411585018445103460_n-150x150.jpg\" class=\"attachment-thumbnail size-thumbnail\" alt=\"\" \/><\/a>\n\t\t\t<\/div><\/figure><figure class='gallery-item'>\n\t\t\t<div class='gallery-icon landscape'>\n\t\t\t\t<a href='https:\/\/tekaldevenegas.gob.mx\/wp-content\/uploads\/2025\/10\/569402918_122193842210505227_4876026064913373716_n.jpg'><img loading=\"lazy\" decoding=\"async\" width=\"150\" height=\"150\" src=\"https:\/\/tekaldevenegas.gob.mx\/wp-content\/uploads\/2025\/10\/569402918_122193842210505227_4876026064913373716_n-150x150.jpg\" class=\"attachment-thumbnail size-thumbnail\" alt=\"\" \/><\/a>\n\t\t\t<\/div><\/figure><figure class='gallery-item'>\n\t\t\t<div class='gallery-icon landscape'>\n\t\t\t\t<a href='https:\/\/tekaldevenegas.gob.mx\/wp-content\/uploads\/2025\/10\/570594009_122193842006505227_2069324610495378067_n.jpg'><img loading=\"lazy\" decoding=\"async\" width=\"150\" height=\"150\" src=\"https:\/\/tekaldevenegas.gob.mx\/wp-content\/uploads\/2025\/10\/570594009_122193842006505227_2069324610495378067_n-150x150.jpg\" class=\"attachment-thumbnail size-thumbnail\" alt=\"\" \/><\/a>\n\t\t\t<\/div><\/figure><figure class='gallery-item'>\n\t\t\t<div class='gallery-icon landscape'>\n\t\t\t\t<a href='https:\/\/tekaldevenegas.gob.mx\/wp-content\/uploads\/2025\/10\/571025337_122193841502505227_7596180061056897754_n.jpg'><img loading=\"lazy\" decoding=\"async\" width=\"150\" height=\"150\" src=\"https:\/\/tekaldevenegas.gob.mx\/wp-content\/uploads\/2025\/10\/571025337_122193841502505227_7596180061056897754_n-150x150.jpg\" class=\"attachment-thumbnail size-thumbnail\" alt=\"\" \/><\/a>\n\t\t\t<\/div><\/figure><figure class='gallery-item'>\n\t\t\t<div class='gallery-icon landscape'>\n\t\t\t\t<a href='https:\/\/tekaldevenegas.gob.mx\/wp-content\/uploads\/2025\/10\/571164544_122193842492505227_2471803598195710908_n.jpg'><img loading=\"lazy\" decoding=\"async\" width=\"150\" height=\"150\" src=\"https:\/\/tekaldevenegas.gob.mx\/wp-content\/uploads\/2025\/10\/571164544_122193842492505227_2471803598195710908_n-150x150.jpg\" class=\"attachment-thumbnail size-thumbnail\" alt=\"\" \/><\/a>\n\t\t\t<\/div><\/figure><figure class='gallery-item'>\n\t\t\t<div class='gallery-icon landscape'>\n\t\t\t\t<a href='https:\/\/tekaldevenegas.gob.mx\/wp-content\/uploads\/2025\/10\/571224165_122193841514505227_8637625298332372494_n.jpg'><img loading=\"lazy\" decoding=\"async\" width=\"150\" height=\"150\" src=\"https:\/\/tekaldevenegas.gob.mx\/wp-content\/uploads\/2025\/10\/571224165_122193841514505227_8637625298332372494_n-150x150.jpg\" class=\"attachment-thumbnail size-thumbnail\" alt=\"\" \/><\/a>\n\t\t\t<\/div><\/figure>\n\t\t<\/div>\n\n<div class=\"xdj266r x14z9mp xat24cr x1lziwak x1vvkbs x126k92a\">\n<div dir=\"auto\">El H. Ayuntamiento y el <span class=\"html-span xdj266r x14z9mp xat24cr x1lziwak xexx8yu xyri2b x18d9i69 x1c1uobl x1hl2dhg x16tdsg8 x1vvkbs\"><a class=\"x1i10hfl xjbqb8w x1ejq31n x18oe1m7 x1sy0etr xstzfhl x972fbf x10w94by x1qhh985 x14e42zd x9f619 x1ypdohk xt0psk2 x3ct3a4 xdj266r x14z9mp xat24cr x1lziwak xexx8yu xyri2b x18d9i69 x1c1uobl x16tdsg8 x1hl2dhg xggy1nq x1a2a7pz xkrqix3 x1sur9pj x1fey0fg x1s688f\" tabindex=\"0\" role=\"link\" href=\"https:\/\/www.facebook.com\/profile.php?id=61575217556437&amp;__cft__[0]=AZWVT8UUyvQl1rsarX9PKeW0_tvkndHJgA-yVALB_t0lMSholyFF66DJrgzQ2eyecqjmqshIUYBjRGByzM2GidyykKlehgBqvrubAa7H-cu3Yf5mCBlCDRRXwONNCHE8pOzby4votpdfDUieiOq2Q5n5S8wHu6wdmqMG6JjlCxzg1g&amp;__tn__=-]K-R\"><span class=\"xt0psk2\"><span class=\"xjp7ctv\">DIF Tekal de Venegas 2024-2027<\/span><\/span><\/a><\/span> agradecen profundamente a toda la poblaci\u00f3n que nos acompa\u00f1\u00f3 el d\u00eda de ayer por la tarde en el evento de concientizaci\u00f3n sobre el <span class=\"html-span xdj266r x14z9mp xat24cr x1lziwak xexx8yu xyri2b x18d9i69 x1c1uobl x1hl2dhg x16tdsg8 x1vvkbs\"><a class=\"x1i10hfl xjbqb8w x1ejq31n x18oe1m7 x1sy0etr xstzfhl x972fbf x10w94by x1qhh985 x14e42zd x9f619 x1ypdohk xt0psk2 x3ct3a4 xdj266r x14z9mp xat24cr x1lziwak xexx8yu xyri2b x18d9i69 x1c1uobl x16tdsg8 x1hl2dhg xggy1nq x1a2a7pz xkrqix3 x1sur9pj x1fey0fg x1s688f\" tabindex=\"0\" role=\"link\" href=\"https:\/\/www.facebook.com\/hashtag\/c%C3%A1ncerdemama?__eep__=6&amp;__cft__[0]=AZWVT8UUyvQl1rsarX9PKeW0_tvkndHJgA-yVALB_t0lMSholyFF66DJrgzQ2eyecqjmqshIUYBjRGByzM2GidyykKlehgBqvrubAa7H-cu3Yf5mCBlCDRRXwONNCHE8pOzby4votpdfDUieiOq2Q5n5S8wHu6wdmqMG6JjlCxzg1g&amp;__tn__=*NK-R\">#C\u00e1ncerdeMama<\/a><\/span>. Su presencia y compromiso son fundamentales para seguir fortaleciendo una comunidad informada, emp\u00e1tica y solidaria.<\/div>\n<\/div>\n<div class=\"x14z9mp xat24cr x1lziwak x1vvkbs xtlvy1s x126k92a\">\n<div dir=\"auto\">Queremos expresar nuestro especial agradecimiento a la Presidenta del DIF Municipal, C. Miriam Ester Dzul M\u00e9ndez, por su participaci\u00f3n y apoyo en esta noble causa. Asimismo, reconocemos la valiosa intervenci\u00f3n del Dr. Alejandro Guerrero El\u00edas, la Psic. Carmela Kin Castillo y el Nut. Carlos Palma Ek, quienes brindaron charlas informativas que permitieron conocer m\u00e1s sobre la detecci\u00f3n temprana y el acompa\u00f1amiento adecuado para quienes enfrentan esta enfermedad.<\/div>\n<\/div>\n<div class=\"x14z9mp xat24cr x1lziwak x1vvkbs xtlvy1s x126k92a\">\n<div dir=\"auto\">De igual manera, extendemos nuestro agradecimiento a las escuelas que se sumaron a la caminata. Su entusiasmo y colaboraci\u00f3n fueron piezas clave para dar visibilidad a esta causa que nos une a todos.<\/div>\n<\/div>\n<div class=\"x14z9mp xat24cr x1lziwak x1vvkbs xtlvy1s x126k92a\">\n<div dir=\"auto\">Gracias por ser parte de este <span class=\"html-span xdj266r x14z9mp xat24cr x1lziwak xexx8yu xyri2b x18d9i69 x1c1uobl x1hl2dhg x16tdsg8 x1vvkbs\"><a class=\"x1i10hfl xjbqb8w x1ejq31n x18oe1m7 x1sy0etr xstzfhl x972fbf x10w94by x1qhh985 x14e42zd x9f619 x1ypdohk xt0psk2 x3ct3a4 xdj266r x14z9mp xat24cr x1lziwak xexx8yu xyri2b x18d9i69 x1c1uobl x16tdsg8 x1hl2dhg xggy1nq x1a2a7pz xkrqix3 x1sur9pj x1fey0fg x1s688f\" tabindex=\"0\" role=\"link\" href=\"https:\/\/www.facebook.com\/hashtag\/esfuerzocolectivo?__eep__=6&amp;__cft__[0]=AZWVT8UUyvQl1rsarX9PKeW0_tvkndHJgA-yVALB_t0lMSholyFF66DJrgzQ2eyecqjmqshIUYBjRGByzM2GidyykKlehgBqvrubAa7H-cu3Yf5mCBlCDRRXwONNCHE8pOzby4votpdfDUieiOq2Q5n5S8wHu6wdmqMG6JjlCxzg1g&amp;__tn__=*NK-R\">#EsfuerzoColectivo<\/a><\/span>.<\/div>\n<\/div>\n<div class=\"x14z9mp xat24cr x1lziwak x1vvkbs xtlvy1s x126k92a\">\n<div dir=\"auto\">\u00a1Juntos, hacemos la diferencia!<\/div>\n<\/div>\n","protected":false},"excerpt":{"rendered":"<p>El H. Ayuntamiento y el DIF Tekal de Venegas 2024-2027 agradecen profundamente a toda la poblaci\u00f3n que nos acompa\u00f1\u00f3 el d\u00eda de ayer por la<\/p>\n","protected":false},"author":1,"featured_media":756,"comment_status":"closed","ping_status":"open","sticky":false,"template":"","format":"standard","meta":{"footnotes":""},"categories":[6],"tags":[],"class_list":["post-755","post","type-post","status-publish","format-standard","has-post-thumbnail","hentry","category-dif-municipal"],"_links":{"self":[{"href":"https:\/\/tekaldevenegas.gob.mx\/index.php\/wp-json\/wp\/v2\/posts\/755","targetHints":{"allow":["GET"]}}],"collection":[{"href":"https:\/\/tekaldevenegas.gob.mx\/index.php\/wp-json\/wp\/v2\/posts"}],"about":[{"href":"https:\/\/tekaldevenegas.gob.mx\/index.php\/wp-json\/wp\/v2\/types\/post"}],"author":[{"embeddable":true,"href":"https:\/\/tekaldevenegas.gob.mx\/index.php\/wp-json\/wp\/v2\/users\/1"}],"replies":[{"embeddable":true,"href":"https:\/\/tekaldevenegas.gob.mx\/index.php\/wp-json\/wp\/v2\/comments?post=755"}],"version-history":[{"count":1,"href":"https:\/\/tekaldevenegas.gob.mx\/index.php\/wp-json\/wp\/v2\/posts\/755\/revisions"}],"predecessor-version":[{"id":765,"href":"https:\/\/tekaldevenegas.gob.mx\/index.php\/wp-json\/wp\/v2\/posts\/755\/revisions\/765"}],"wp:featuredmedia":[{"embeddable":true,"href":"https:\/\/tekaldevenegas.gob.mx\/index.php\/wp-json\/wp\/v2\/media\/756"}],"wp:attachment":[{"href":"https:\/\/tekaldevenegas.gob.mx\/index.php\/wp-json\/wp\/v2\/media?parent=755"}],"wp:term":[{"taxonomy":"category","embeddable":true,"href":"https:\/\/tekaldevenegas.gob.mx\/index.php\/wp-json\/wp\/v2\/categories?post=755"},{"taxonomy":"post_tag","embeddable":true,"href":"https:\/\/tekaldevenegas.gob.mx\/index.php\/wp-json\/wp\/v2\/tags?post=755"}],"curies":[{"name":"wp","href":"https:\/\/api.w.org\/{rel}","templated":true}]}}