{"id":739,"date":"2025-10-22T23:15:09","date_gmt":"2025-10-22T23:15:09","guid":{"rendered":"https:\/\/tekaldevenegas.gob.mx\/?p=739"},"modified":"2025-10-22T23:15:09","modified_gmt":"2025-10-22T23:15:09","slug":"entrega-de-paquetes-para-desayunos-escolares","status":"publish","type":"post","link":"https:\/\/tekaldevenegas.gob.mx\/index.php\/2025\/10\/22\/entrega-de-paquetes-para-desayunos-escolares\/","title":{"rendered":"Entrega de paquetes para desayunos escolares."},"content":{"rendered":"<div id='gallery-1' class='gallery galleryid-739 gallery-columns-3 gallery-size-thumbnail'><figure class='gallery-item'>\n\t\t\t<div class='gallery-icon landscape'>\n\t\t\t\t<a href='https:\/\/tekaldevenegas.gob.mx\/wp-content\/uploads\/2025\/10\/561798675_122192761118505227_923361706453335705_n.jpg'><img loading=\"lazy\" decoding=\"async\" width=\"150\" height=\"150\" src=\"https:\/\/tekaldevenegas.gob.mx\/wp-content\/uploads\/2025\/10\/561798675_122192761118505227_923361706453335705_n-150x150.jpg\" class=\"attachment-thumbnail size-thumbnail\" alt=\"\" \/><\/a>\n\t\t\t<\/div><\/figure><figure class='gallery-item'>\n\t\t\t<div class='gallery-icon landscape'>\n\t\t\t\t<a href='https:\/\/tekaldevenegas.gob.mx\/wp-content\/uploads\/2025\/10\/564600651_122192761160505227_9004844948698228053_n.jpg'><img loading=\"lazy\" decoding=\"async\" width=\"150\" height=\"150\" src=\"https:\/\/tekaldevenegas.gob.mx\/wp-content\/uploads\/2025\/10\/564600651_122192761160505227_9004844948698228053_n-150x150.jpg\" class=\"attachment-thumbnail size-thumbnail\" alt=\"\" \/><\/a>\n\t\t\t<\/div><\/figure><figure class='gallery-item'>\n\t\t\t<div class='gallery-icon landscape'>\n\t\t\t\t<a href='https:\/\/tekaldevenegas.gob.mx\/wp-content\/uploads\/2025\/10\/565698281_122192761190505227_7117174911129482955_n.jpg'><img loading=\"lazy\" decoding=\"async\" width=\"150\" height=\"150\" src=\"https:\/\/tekaldevenegas.gob.mx\/wp-content\/uploads\/2025\/10\/565698281_122192761190505227_7117174911129482955_n-150x150.jpg\" class=\"attachment-thumbnail size-thumbnail\" alt=\"\" \/><\/a>\n\t\t\t<\/div><\/figure>\n\t\t<\/div>\n\n<div class=\"xdj266r x14z9mp xat24cr x1lziwak x1vvkbs x126k92a\">\n<div dir=\"auto\">La Direcci\u00f3n de la Polic\u00eda Municipal, en coordinaci\u00f3n con el <span class=\"html-span xdj266r x14z9mp xat24cr x1lziwak xexx8yu xyri2b x18d9i69 x1c1uobl x1hl2dhg x16tdsg8 x1vvkbs\"><a class=\"x1i10hfl xjbqb8w x1ejq31n x18oe1m7 x1sy0etr xstzfhl x972fbf x10w94by x1qhh985 x14e42zd x9f619 x1ypdohk xt0psk2 x3ct3a4 xdj266r x14z9mp xat24cr x1lziwak xexx8yu xyri2b x18d9i69 x1c1uobl x16tdsg8 x1hl2dhg xggy1nq x1a2a7pz xkrqix3 x1sur9pj x1fey0fg x1s688f\" tabindex=\"0\" role=\"link\" href=\"https:\/\/www.facebook.com\/profile.php?id=61575217556437&amp;__cft__[0]=AZVNCVvGVXDWMSjdqwoCTmdc_fFqCrgpJkFiQ1Fue0uRmT8acDcl5vfkU1Trr1gXlUt7wiVfmKtj8FVg61j9cWNKFML2xHB_dNqGuuIA4niIT9VtRbqJQ9mtHTnVcRx3gvUnWcI1X5d2EDUNvAChTVXIcdka-pXq5Lqn85FystQzKA&amp;__tn__=-]K-R\"><span class=\"xt0psk2\"><span class=\"xjp7ctv\">DIF Tekal de Venegas 2024-2027<\/span><\/span><\/a><\/span>, llev\u00f3 a cabo la entrega de paquetes de <span class=\"html-span xdj266r x14z9mp xat24cr x1lziwak xexx8yu xyri2b x18d9i69 x1c1uobl x1hl2dhg x16tdsg8 x1vvkbs\"><a class=\"x1i10hfl xjbqb8w x1ejq31n x18oe1m7 x1sy0etr xstzfhl x972fbf x10w94by x1qhh985 x14e42zd x9f619 x1ypdohk xt0psk2 x3ct3a4 xdj266r x14z9mp xat24cr x1lziwak xexx8yu xyri2b x18d9i69 x1c1uobl x16tdsg8 x1hl2dhg xggy1nq x1a2a7pz xkrqix3 x1sur9pj x1fey0fg x1s688f\" tabindex=\"0\" role=\"link\" href=\"https:\/\/www.facebook.com\/hashtag\/desayunosescolares?__eep__=6&amp;__cft__[0]=AZVNCVvGVXDWMSjdqwoCTmdc_fFqCrgpJkFiQ1Fue0uRmT8acDcl5vfkU1Trr1gXlUt7wiVfmKtj8FVg61j9cWNKFML2xHB_dNqGuuIA4niIT9VtRbqJQ9mtHTnVcRx3gvUnWcI1X5d2EDUNvAChTVXIcdka-pXq5Lqn85FystQzKA&amp;__tn__=*NK-R\">#DesayunosEscolares<\/a><\/span> en la Escuela Victoriano Moguel, turno matutino.<\/div>\n<\/div>\n<div class=\"x14z9mp xat24cr x1lziwak x1vvkbs xtlvy1s x126k92a\">\n<div dir=\"auto\">Esta acci\u00f3n forma parte del compromiso de nuestra administraci\u00f3n por fortalecer la <span class=\"html-span xdj266r x14z9mp xat24cr x1lziwak xexx8yu xyri2b x18d9i69 x1c1uobl x1hl2dhg x16tdsg8 x1vvkbs\"><a class=\"x1i10hfl xjbqb8w x1ejq31n x18oe1m7 x1sy0etr xstzfhl x972fbf x10w94by x1qhh985 x14e42zd x9f619 x1ypdohk xt0psk2 x3ct3a4 xdj266r x14z9mp xat24cr x1lziwak xexx8yu xyri2b x18d9i69 x1c1uobl x16tdsg8 x1hl2dhg xggy1nq x1a2a7pz xkrqix3 x1sur9pj x1fey0fg x1s688f\" tabindex=\"0\" role=\"link\" href=\"https:\/\/www.facebook.com\/hashtag\/alimentaci%C3%B3n?__eep__=6&amp;__cft__[0]=AZVNCVvGVXDWMSjdqwoCTmdc_fFqCrgpJkFiQ1Fue0uRmT8acDcl5vfkU1Trr1gXlUt7wiVfmKtj8FVg61j9cWNKFML2xHB_dNqGuuIA4niIT9VtRbqJQ9mtHTnVcRx3gvUnWcI1X5d2EDUNvAChTVXIcdka-pXq5Lqn85FystQzKA&amp;__tn__=*NK-R\">#Alimentaci\u00f3n<\/a><\/span> y el <span class=\"html-span xdj266r x14z9mp xat24cr x1lziwak xexx8yu xyri2b x18d9i69 x1c1uobl x1hl2dhg x16tdsg8 x1vvkbs\"><a class=\"x1i10hfl xjbqb8w x1ejq31n x18oe1m7 x1sy0etr xstzfhl x972fbf x10w94by x1qhh985 x14e42zd x9f619 x1ypdohk xt0psk2 x3ct3a4 xdj266r x14z9mp xat24cr x1lziwak xexx8yu xyri2b x18d9i69 x1c1uobl x16tdsg8 x1hl2dhg xggy1nq x1a2a7pz xkrqix3 x1sur9pj x1fey0fg x1s688f\" tabindex=\"0\" role=\"link\" href=\"https:\/\/www.facebook.com\/hashtag\/bienestar?__eep__=6&amp;__cft__[0]=AZVNCVvGVXDWMSjdqwoCTmdc_fFqCrgpJkFiQ1Fue0uRmT8acDcl5vfkU1Trr1gXlUt7wiVfmKtj8FVg61j9cWNKFML2xHB_dNqGuuIA4niIT9VtRbqJQ9mtHTnVcRx3gvUnWcI1X5d2EDUNvAChTVXIcdka-pXq5Lqn85FystQzKA&amp;__tn__=*NK-R\">#Bienestar<\/a><\/span> de las ni\u00f1as y ni\u00f1os de nuestro municipio, contribuyendo as\u00ed a su desarrollo integral y al fortalecimiento de la comunidad educativa.<\/div>\n<\/div>\n<div class=\"x14z9mp xat24cr x1lziwak x1vvkbs xtlvy1s x126k92a\">\n<div dir=\"auto\">El Ayuntamiento agradece la colaboraci\u00f3n del personal docente y de las instituciones involucradas por su apoyo en la realizaci\u00f3n de estas actividades que benefician directamente a la ni\u00f1ez.<\/div>\n<\/div>\n<div class=\"x14z9mp xat24cr x1lziwak x1vvkbs xtlvy1s x126k92a\">\n<div dir=\"auto\">\u00a1Trabajando juntos por un municipio m\u00e1s fuerte y solidario!<\/div>\n<\/div>\n","protected":false},"excerpt":{"rendered":"<p>La Direcci\u00f3n de la Polic\u00eda Municipal, en coordinaci\u00f3n con el DIF Tekal de Venegas 2024-2027, llev\u00f3 a cabo la entrega de paquetes de #DesayunosEscolares en<\/p>\n","protected":false},"author":1,"featured_media":740,"comment_status":"closed","ping_status":"open","sticky":false,"template":"","format":"standard","meta":{"footnotes":""},"categories":[6],"tags":[],"class_list":["post-739","post","type-post","status-publish","format-standard","has-post-thumbnail","hentry","category-dif-municipal"],"_links":{"self":[{"href":"https:\/\/tekaldevenegas.gob.mx\/index.php\/wp-json\/wp\/v2\/posts\/739","targetHints":{"allow":["GET"]}}],"collection":[{"href":"https:\/\/tekaldevenegas.gob.mx\/index.php\/wp-json\/wp\/v2\/posts"}],"about":[{"href":"https:\/\/tekaldevenegas.gob.mx\/index.php\/wp-json\/wp\/v2\/types\/post"}],"author":[{"embeddable":true,"href":"https:\/\/tekaldevenegas.gob.mx\/index.php\/wp-json\/wp\/v2\/users\/1"}],"replies":[{"embeddable":true,"href":"https:\/\/tekaldevenegas.gob.mx\/index.php\/wp-json\/wp\/v2\/comments?post=739"}],"version-history":[{"count":1,"href":"https:\/\/tekaldevenegas.gob.mx\/index.php\/wp-json\/wp\/v2\/posts\/739\/revisions"}],"predecessor-version":[{"id":743,"href":"https:\/\/tekaldevenegas.gob.mx\/index.php\/wp-json\/wp\/v2\/posts\/739\/revisions\/743"}],"wp:featuredmedia":[{"embeddable":true,"href":"https:\/\/tekaldevenegas.gob.mx\/index.php\/wp-json\/wp\/v2\/media\/740"}],"wp:attachment":[{"href":"https:\/\/tekaldevenegas.gob.mx\/index.php\/wp-json\/wp\/v2\/media?parent=739"}],"wp:term":[{"taxonomy":"category","embeddable":true,"href":"https:\/\/tekaldevenegas.gob.mx\/index.php\/wp-json\/wp\/v2\/categories?post=739"},{"taxonomy":"post_tag","embeddable":true,"href":"https:\/\/tekaldevenegas.gob.mx\/index.php\/wp-json\/wp\/v2\/tags?post=739"}],"curies":[{"name":"wp","href":"https:\/\/api.w.org\/{rel}","templated":true}]}}