{"id":347,"date":"2025-01-24T23:09:45","date_gmt":"2025-01-24T23:09:45","guid":{"rendered":"https:\/\/tekaldevenegas.gob.mx\/?p=347"},"modified":"2025-01-24T23:09:45","modified_gmt":"2025-01-24T23:09:45","slug":"obsequios-navidenos-para-ninas-y-ninos","status":"publish","type":"post","link":"https:\/\/tekaldevenegas.gob.mx\/index.php\/2025\/01\/24\/obsequios-navidenos-para-ninas-y-ninos\/","title":{"rendered":"Obsequios navide\u00f1os para ni\u00f1as y ni\u00f1os."},"content":{"rendered":"<div id='gallery-1' class='gallery galleryid-347 gallery-columns-6 gallery-size-thumbnail'><figure class='gallery-item'>\n\t\t\t<div class='gallery-icon landscape'>\n\t\t\t\t<a href='https:\/\/tekaldevenegas.gob.mx\/wp-content\/uploads\/2025\/01\/471416129_122137192982505227_4884092620449794464_n.jpg'><img loading=\"lazy\" decoding=\"async\" width=\"150\" height=\"150\" src=\"https:\/\/tekaldevenegas.gob.mx\/wp-content\/uploads\/2025\/01\/471416129_122137192982505227_4884092620449794464_n-150x150.jpg\" class=\"attachment-thumbnail size-thumbnail\" alt=\"\" \/><\/a>\n\t\t\t<\/div><\/figure><figure class='gallery-item'>\n\t\t\t<div class='gallery-icon portrait'>\n\t\t\t\t<a href='https:\/\/tekaldevenegas.gob.mx\/wp-content\/uploads\/2025\/01\/471480152_122137193162505227_2870733417793507135_n.jpg'><img loading=\"lazy\" decoding=\"async\" width=\"150\" height=\"150\" src=\"https:\/\/tekaldevenegas.gob.mx\/wp-content\/uploads\/2025\/01\/471480152_122137193162505227_2870733417793507135_n-150x150.jpg\" class=\"attachment-thumbnail size-thumbnail\" alt=\"\" \/><\/a>\n\t\t\t<\/div><\/figure><figure class='gallery-item'>\n\t\t\t<div class='gallery-icon landscape'>\n\t\t\t\t<a href='https:\/\/tekaldevenegas.gob.mx\/wp-content\/uploads\/2025\/01\/471571916_122137193108505227_2403107236389324939_n.jpg'><img loading=\"lazy\" decoding=\"async\" width=\"150\" height=\"150\" src=\"https:\/\/tekaldevenegas.gob.mx\/wp-content\/uploads\/2025\/01\/471571916_122137193108505227_2403107236389324939_n-150x150.jpg\" class=\"attachment-thumbnail size-thumbnail\" alt=\"\" \/><\/a>\n\t\t\t<\/div><\/figure><figure class='gallery-item'>\n\t\t\t<div class='gallery-icon landscape'>\n\t\t\t\t<a href='https:\/\/tekaldevenegas.gob.mx\/wp-content\/uploads\/2025\/01\/471575107_122137193036505227_1629826135316759160_n.jpg'><img loading=\"lazy\" decoding=\"async\" width=\"150\" height=\"150\" src=\"https:\/\/tekaldevenegas.gob.mx\/wp-content\/uploads\/2025\/01\/471575107_122137193036505227_1629826135316759160_n-150x150.jpg\" class=\"attachment-thumbnail size-thumbnail\" alt=\"\" \/><\/a>\n\t\t\t<\/div><\/figure><figure class='gallery-item'>\n\t\t\t<div class='gallery-icon landscape'>\n\t\t\t\t<a href='https:\/\/tekaldevenegas.gob.mx\/wp-content\/uploads\/2025\/01\/471818440_122137193186505227_6523094301248141598_n.jpg'><img loading=\"lazy\" decoding=\"async\" width=\"150\" height=\"150\" src=\"https:\/\/tekaldevenegas.gob.mx\/wp-content\/uploads\/2025\/01\/471818440_122137193186505227_6523094301248141598_n-150x150.jpg\" class=\"attachment-thumbnail size-thumbnail\" alt=\"\" \/><\/a>\n\t\t\t<\/div><\/figure><figure class='gallery-item'>\n\t\t\t<div class='gallery-icon landscape'>\n\t\t\t\t<a href='https:\/\/tekaldevenegas.gob.mx\/wp-content\/uploads\/2025\/01\/471819349_122137193174505227_2792806350430813315_n.jpg'><img loading=\"lazy\" decoding=\"async\" width=\"150\" height=\"150\" src=\"https:\/\/tekaldevenegas.gob.mx\/wp-content\/uploads\/2025\/01\/471819349_122137193174505227_2792806350430813315_n-150x150.jpg\" class=\"attachment-thumbnail size-thumbnail\" alt=\"\" \/><\/a>\n\t\t\t<\/div><\/figure>\n\t\t<\/div>\n\n<div class=\"xdj266r x11i5rnm xat24cr x1mh8g0r x1vvkbs x126k92a\">\n<div dir=\"auto\">El pasado 24 de diciembre el H. Ayuntamiento encabezado por nuestra presidenta municipal Estela Dzul Chuc entreg\u00f3 personalmente a los ni\u00f1os y ni\u00f1as de nuestra poblaci\u00f3n un peque\u00f1o obsequio derivado de estas \u00e9pocas de amor, paz y armon\u00eda.<\/div>\n<\/div>\n<div class=\"x11i5rnm xat24cr x1mh8g0r x1vvkbs xtlvy1s x126k92a\">\n<div dir=\"auto\">\u00a1Les deseamos un pr\u00f3spero a\u00f1o nuevo 2025!<\/div>\n<\/div>\n","protected":false},"excerpt":{"rendered":"<p>El pasado 24 de diciembre el H. Ayuntamiento encabezado por nuestra presidenta municipal Estela Dzul Chuc entreg\u00f3 personalmente a los ni\u00f1os y ni\u00f1as de nuestra<\/p>\n","protected":false},"author":1,"featured_media":348,"comment_status":"closed","ping_status":"open","sticky":false,"template":"","format":"standard","meta":{"footnotes":""},"categories":[3],"tags":[],"class_list":["post-347","post","type-post","status-publish","format-standard","has-post-thumbnail","hentry","category-presidencia"],"_links":{"self":[{"href":"https:\/\/tekaldevenegas.gob.mx\/index.php\/wp-json\/wp\/v2\/posts\/347","targetHints":{"allow":["GET"]}}],"collection":[{"href":"https:\/\/tekaldevenegas.gob.mx\/index.php\/wp-json\/wp\/v2\/posts"}],"about":[{"href":"https:\/\/tekaldevenegas.gob.mx\/index.php\/wp-json\/wp\/v2\/types\/post"}],"author":[{"embeddable":true,"href":"https:\/\/tekaldevenegas.gob.mx\/index.php\/wp-json\/wp\/v2\/users\/1"}],"replies":[{"embeddable":true,"href":"https:\/\/tekaldevenegas.gob.mx\/index.php\/wp-json\/wp\/v2\/comments?post=347"}],"version-history":[{"count":1,"href":"https:\/\/tekaldevenegas.gob.mx\/index.php\/wp-json\/wp\/v2\/posts\/347\/revisions"}],"predecessor-version":[{"id":354,"href":"https:\/\/tekaldevenegas.gob.mx\/index.php\/wp-json\/wp\/v2\/posts\/347\/revisions\/354"}],"wp:featuredmedia":[{"embeddable":true,"href":"https:\/\/tekaldevenegas.gob.mx\/index.php\/wp-json\/wp\/v2\/media\/348"}],"wp:attachment":[{"href":"https:\/\/tekaldevenegas.gob.mx\/index.php\/wp-json\/wp\/v2\/media?parent=347"}],"wp:term":[{"taxonomy":"category","embeddable":true,"href":"https:\/\/tekaldevenegas.gob.mx\/index.php\/wp-json\/wp\/v2\/categories?post=347"},{"taxonomy":"post_tag","embeddable":true,"href":"https:\/\/tekaldevenegas.gob.mx\/index.php\/wp-json\/wp\/v2\/tags?post=347"}],"curies":[{"name":"wp","href":"https:\/\/api.w.org\/{rel}","templated":true}]}}