{"id":156,"date":"2024-10-25T15:28:36","date_gmt":"2024-10-25T15:28:36","guid":{"rendered":"https:\/\/tekaldevenegas.gob.mx\/?p=156"},"modified":"2024-10-25T15:28:36","modified_gmt":"2024-10-25T15:28:36","slug":"entrega-de-viveres-recolectados-para-afectados-de-las-costas","status":"publish","type":"post","link":"https:\/\/tekaldevenegas.gob.mx\/index.php\/2024\/10\/25\/entrega-de-viveres-recolectados-para-afectados-de-las-costas\/","title":{"rendered":"Entrega de v\u00edveres recolectados para afectados de las costas."},"content":{"rendered":"<div id='gallery-1' class='gallery galleryid-156 gallery-columns-1 gallery-size-thumbnail'><figure class='gallery-item'>\n\t\t\t<div class='gallery-icon portrait'>\n\t\t\t\t<a href='https:\/\/tekaldevenegas.gob.mx\/wp-content\/uploads\/2024\/10\/464130005_122120779010505227_956345176234129846_n.jpg'><img loading=\"lazy\" decoding=\"async\" width=\"150\" height=\"150\" src=\"https:\/\/tekaldevenegas.gob.mx\/wp-content\/uploads\/2024\/10\/464130005_122120779010505227_956345176234129846_n-150x150.jpg\" class=\"attachment-thumbnail size-thumbnail\" alt=\"\" \/><\/a>\n\t\t\t<\/div><\/figure>\n\t\t<\/div>\n\n<p>El d\u00eda de ayer la Sindica Minicipal, C. Rosario Colli Febles acudi\u00f3 al DIF Yucat\u00e1n con sede en la ciudad de M\u00e9rida para hacer la entrega de v\u00edveres recolectados en d\u00edas anteriores. Se tom\u00f3 la foto con una caja representativa, se a\u00f1ade en un \u201cReel\u201d con el video de toda la mercanc\u00eda entregada.<br class=\"html-br\" \/><br class=\"html-br\" \/>Agradecemos a todos nuestros pobladores que se sumaron y donaron para nuestros hermanos de las costas. Hoy por ellos, ma\u00f1ana por nosotros.<\/p>\n","protected":false},"excerpt":{"rendered":"<p>El d\u00eda de ayer la Sindica Minicipal, C. Rosario Colli Febles acudi\u00f3 al DIF Yucat\u00e1n con sede en la ciudad de M\u00e9rida para hacer la<\/p>\n","protected":false},"author":1,"featured_media":157,"comment_status":"closed","ping_status":"open","sticky":false,"template":"","format":"standard","meta":{"footnotes":""},"categories":[6],"tags":[],"class_list":["post-156","post","type-post","status-publish","format-standard","has-post-thumbnail","hentry","category-dif-municipal"],"_links":{"self":[{"href":"https:\/\/tekaldevenegas.gob.mx\/index.php\/wp-json\/wp\/v2\/posts\/156","targetHints":{"allow":["GET"]}}],"collection":[{"href":"https:\/\/tekaldevenegas.gob.mx\/index.php\/wp-json\/wp\/v2\/posts"}],"about":[{"href":"https:\/\/tekaldevenegas.gob.mx\/index.php\/wp-json\/wp\/v2\/types\/post"}],"author":[{"embeddable":true,"href":"https:\/\/tekaldevenegas.gob.mx\/index.php\/wp-json\/wp\/v2\/users\/1"}],"replies":[{"embeddable":true,"href":"https:\/\/tekaldevenegas.gob.mx\/index.php\/wp-json\/wp\/v2\/comments?post=156"}],"version-history":[{"count":1,"href":"https:\/\/tekaldevenegas.gob.mx\/index.php\/wp-json\/wp\/v2\/posts\/156\/revisions"}],"predecessor-version":[{"id":158,"href":"https:\/\/tekaldevenegas.gob.mx\/index.php\/wp-json\/wp\/v2\/posts\/156\/revisions\/158"}],"wp:featuredmedia":[{"embeddable":true,"href":"https:\/\/tekaldevenegas.gob.mx\/index.php\/wp-json\/wp\/v2\/media\/157"}],"wp:attachment":[{"href":"https:\/\/tekaldevenegas.gob.mx\/index.php\/wp-json\/wp\/v2\/media?parent=156"}],"wp:term":[{"taxonomy":"category","embeddable":true,"href":"https:\/\/tekaldevenegas.gob.mx\/index.php\/wp-json\/wp\/v2\/categories?post=156"},{"taxonomy":"post_tag","embeddable":true,"href":"https:\/\/tekaldevenegas.gob.mx\/index.php\/wp-json\/wp\/v2\/tags?post=156"}],"curies":[{"name":"wp","href":"https:\/\/api.w.org\/{rel}","templated":true}]}}